{"id":39,"date":"2020-01-04T10:42:20","date_gmt":"2020-01-04T09:42:20","guid":{"rendered":"http:\/\/www.sentinelleetdevotion.fr\/?p=39"},"modified":"2021-04-01T00:36:50","modified_gmt":"2021-03-31T22:36:50","slug":"tes-paroles-sont-puissantes","status":"publish","type":"post","link":"https:\/\/deborahlenoc.fr\/index.php\/2020\/01\/04\/tes-paroles-sont-puissantes\/","title":{"rendered":"Tes paroles sont puissantes."},"content":{"rendered":"\n<p>Lorsque je me rapprochais de Dieu pendant cette qu\u00eate de gu\u00e9rison, j&rsquo;ai compris en lisant sa parole que mes paroles ont un impact dans le monde spirituel. Oui je le savais mais je n&rsquo;avais pas r\u00e9ellement saisi la puissance que cela contenait. Plusieurs versets dans la bible parlent de la parole cr\u00e9atrice. En effet Dieu cr\u00e9a le monde par la parole (Gen\u00e8se 1).<\/p>\n\n\n\n<p>Nous sommes \u00e0 l&rsquo;image de Dieu et en J\u00e9sus-Christ nous avons re\u00e7u cette autorit\u00e9 ainsi que cette puissance cr\u00e9atrice. Ainsi par nos paroles nous pouvons nous b\u00e9nir comme nous pouvons nous maudire. Filtrer ses pens\u00e9es pour avoir des paroles de vie est alors indispensable.<\/p>\n\n\n\n<p>Comment peut ton avoir la foi donc croire contre tous esp\u00e9rance et parler de mani\u00e8re d\u00e9faitiste ? Nous devons opposer la r\u00e9alit\u00e9 de la situation \u00e0 la v\u00e9rit\u00e9 de la Parole de Dieu et le remercier pour sa parole et son oeuvre.<\/p>\n\n\n\n<p>Avoir la foi donc croire: c&rsquo;est le d\u00e9but du miracle. Ceci implique que vous devriez manifester une confiance totale en Dieu, ne pas douter de sa fid\u00e9lit\u00e9.<\/p>\n\n\n\n<p>La r\u00e9alit\u00e9 va vous montrer les sympt\u00f4mes de la maladie. La v\u00e9rit\u00e9 vous dira que par les meurtrissures de J\u00e9sus, vous avez \u00e9t\u00e9 gu\u00e9ri. Eh bien, malgr\u00e9 la r\u00e9alit\u00e9, choisissez de rendre gloire \u00e0 Dieu pour la gu\u00e9rison qu&rsquo;il vous a offerte au prix de son sang.<\/p>\n\n\n\n<p>Refusez ces paroles qui ne viennent pas de Dieu et choisissez de croire et de proclamer ce que Dieu vous a dit. Il s&rsquo;agit d&rsquo;un combat de foi qui est aussi un combat de paroles contre Parole: les paroles du monde oppos\u00e9es \u00e0 la parole puissante de Dieu.<\/p>\n\n\n\n<p>Au fur et \u00e0 mesure que vous choisirez de parler avec foi, Dieu ex\u00e9cutera sa parole car il est fid\u00e8le \u00e0 ses promesses.<\/p>\n\n\n\n<p>Recevez votre gu\u00e9rison au nom de J\u00e9sus-Christ ! Amen.<\/p>\n\n\n\n<p>Esa\u00efe 53 verset 4&amp;5<\/p>\n\n\n\n<p>Proverbes 18 verset 21<\/p>\n\n\n\n<p>H\u00e9breux 11<\/p>\n\n\n\n<p><\/p>\n\n\n\n<p>D\u00e9borah.<br><\/p>\n\n\n\n<p>NB : Je souhaite t&rsquo;encourager et te rassurer. M\u00eame si tu as une petite mesure de foi, sache qu&rsquo;avec elle tu peux obtenir ta victoire.<\/p>\n","protected":false},"excerpt":{"rendered":"<p>Lorsque je me rapprochais de Dieu pendant cette qu\u00eate de gu\u00e9rison, j&rsquo;ai compris en lisant sa parole que mes paroles ont un impact dans le monde spirituel. Oui je le savais mais je n&rsquo;avais pas r\u00e9ellement saisi la puissance que cela contenait. Plusieurs versets dans la bible parlent de la parole cr\u00e9atrice. En effet Dieu [&hellip;]<\/p>\n","protected":false},"author":1,"featured_media":41,"comment_status":"open","ping_status":"open","sticky":false,"template":"","format":"standard","meta":{"footnotes":""},"categories":[41],"tags":[19,20,15,17,18],"class_list":["post-39","post","type-post","status-publish","format-standard","has-post-thumbnail","hentry","category-spiritualite","tag-guerison","tag-mentor","tag-motivation","tag-puissance-des-paroles","tag-veritevsrealite","entry","has-media"],"yoast_head":"<!-- This site is optimized with the Yoast SEO plugin v27.5 - https:\/\/yoast.com\/product\/yoast-seo-wordpress\/ -->\n<title>Tes paroles sont puissantes. - D\u00e9borah Le Noc - D\u00e9veloppement f\u00e9minin<\/title>\n<meta name=\"robots\" content=\"index, follow, max-snippet:-1, max-image-preview:large, max-video-preview:-1\" \/>\n<link rel=\"canonical\" href=\"https:\/\/deborahlenoc.fr\/index.php\/2020\/01\/04\/tes-paroles-sont-puissantes\/\" \/>\n<meta property=\"og:locale\" content=\"fr_FR\" \/>\n<meta property=\"og:type\" content=\"article\" \/>\n<meta property=\"og:title\" content=\"Tes paroles sont puissantes. - D\u00e9borah Le Noc - D\u00e9veloppement f\u00e9minin\" \/>\n<meta property=\"og:description\" content=\"Lorsque je me rapprochais de Dieu pendant cette qu\u00eate de gu\u00e9rison, j&rsquo;ai compris en lisant sa parole que mes paroles ont un impact dans le monde spirituel. Oui je le savais mais je n&rsquo;avais pas r\u00e9ellement saisi la puissance que cela contenait. Plusieurs versets dans la bible parlent de la parole cr\u00e9atrice. En effet Dieu [&hellip;]\" \/>\n<meta property=\"og:url\" content=\"https:\/\/deborahlenoc.fr\/index.php\/2020\/01\/04\/tes-paroles-sont-puissantes\/\" \/>\n<meta property=\"og:site_name\" content=\"D\u00e9borah Le Noc - D\u00e9veloppement f\u00e9minin\" \/>\n<meta property=\"article:published_time\" content=\"2020-01-04T09:42:20+00:00\" \/>\n<meta property=\"article:modified_time\" content=\"2021-03-31T22:36:50+00:00\" \/>\n<meta property=\"og:image\" content=\"https:\/\/deborahlenoc.fr\/wp-content\/uploads\/2020\/01\/Canva-Persons-Right-Three-Fingers-scaled.jpg\" \/>\n\t<meta property=\"og:image:width\" content=\"1707\" \/>\n\t<meta property=\"og:image:height\" content=\"2560\" \/>\n\t<meta property=\"og:image:type\" content=\"image\/jpeg\" \/>\n<meta name=\"author\" content=\"D\u00e9borah LE NOC\" \/>\n<meta name=\"twitter:card\" content=\"summary_large_image\" \/>\n<meta name=\"twitter:label1\" content=\"\u00c9crit par\" \/>\n\t<meta name=\"twitter:data1\" content=\"D\u00e9borah LE NOC\" \/>\n\t<meta name=\"twitter:label2\" content=\"Dur\u00e9e de lecture estim\u00e9e\" \/>\n\t<meta name=\"twitter:data2\" content=\"2 minutes\" \/>\n<script type=\"application\/ld+json\" class=\"yoast-schema-graph\">{\"@context\":\"https:\\\/\\\/schema.org\",\"@graph\":[{\"@type\":\"Article\",\"@id\":\"https:\\\/\\\/deborahlenoc.fr\\\/index.php\\\/2020\\\/01\\\/04\\\/tes-paroles-sont-puissantes\\\/#article\",\"isPartOf\":{\"@id\":\"https:\\\/\\\/deborahlenoc.fr\\\/index.php\\\/2020\\\/01\\\/04\\\/tes-paroles-sont-puissantes\\\/\"},\"author\":{\"name\":\"D\u00e9borah LE NOC\",\"@id\":\"https:\\\/\\\/deborahlenoc.fr\\\/#\\\/schema\\\/person\\\/3755fca8ecb77a810d63b477184dc6c4\"},\"headline\":\"Tes paroles sont puissantes.\",\"datePublished\":\"2020-01-04T09:42:20+00:00\",\"dateModified\":\"2021-03-31T22:36:50+00:00\",\"mainEntityOfPage\":{\"@id\":\"https:\\\/\\\/deborahlenoc.fr\\\/index.php\\\/2020\\\/01\\\/04\\\/tes-paroles-sont-puissantes\\\/\"},\"wordCount\":372,\"commentCount\":0,\"publisher\":{\"@id\":\"https:\\\/\\\/deborahlenoc.fr\\\/#\\\/schema\\\/person\\\/3755fca8ecb77a810d63b477184dc6c4\"},\"image\":{\"@id\":\"https:\\\/\\\/deborahlenoc.fr\\\/index.php\\\/2020\\\/01\\\/04\\\/tes-paroles-sont-puissantes\\\/#primaryimage\"},\"thumbnailUrl\":\"https:\\\/\\\/deborahlenoc.fr\\\/wp-content\\\/uploads\\\/2020\\\/01\\\/Canva-Persons-Right-Three-Fingers-scaled.jpg\",\"keywords\":[\"gu\u00e9rison\",\"mentor\",\"motivation\",\"puissance des paroles\",\"V\u00e9rit\u00e9vsr\u00e9alit\u00e9\"],\"articleSection\":[\"Spiritualit\u00e9\"],\"inLanguage\":\"fr-FR\",\"potentialAction\":[{\"@type\":\"CommentAction\",\"name\":\"Comment\",\"target\":[\"https:\\\/\\\/deborahlenoc.fr\\\/index.php\\\/2020\\\/01\\\/04\\\/tes-paroles-sont-puissantes\\\/#respond\"]}]},{\"@type\":\"WebPage\",\"@id\":\"https:\\\/\\\/deborahlenoc.fr\\\/index.php\\\/2020\\\/01\\\/04\\\/tes-paroles-sont-puissantes\\\/\",\"url\":\"https:\\\/\\\/deborahlenoc.fr\\\/index.php\\\/2020\\\/01\\\/04\\\/tes-paroles-sont-puissantes\\\/\",\"name\":\"Tes paroles sont puissantes. - D\u00e9borah Le Noc - D\u00e9veloppement f\u00e9minin\",\"isPartOf\":{\"@id\":\"https:\\\/\\\/deborahlenoc.fr\\\/#website\"},\"primaryImageOfPage\":{\"@id\":\"https:\\\/\\\/deborahlenoc.fr\\\/index.php\\\/2020\\\/01\\\/04\\\/tes-paroles-sont-puissantes\\\/#primaryimage\"},\"image\":{\"@id\":\"https:\\\/\\\/deborahlenoc.fr\\\/index.php\\\/2020\\\/01\\\/04\\\/tes-paroles-sont-puissantes\\\/#primaryimage\"},\"thumbnailUrl\":\"https:\\\/\\\/deborahlenoc.fr\\\/wp-content\\\/uploads\\\/2020\\\/01\\\/Canva-Persons-Right-Three-Fingers-scaled.jpg\",\"datePublished\":\"2020-01-04T09:42:20+00:00\",\"dateModified\":\"2021-03-31T22:36:50+00:00\",\"breadcrumb\":{\"@id\":\"https:\\\/\\\/deborahlenoc.fr\\\/index.php\\\/2020\\\/01\\\/04\\\/tes-paroles-sont-puissantes\\\/#breadcrumb\"},\"inLanguage\":\"fr-FR\",\"potentialAction\":[{\"@type\":\"ReadAction\",\"target\":[\"https:\\\/\\\/deborahlenoc.fr\\\/index.php\\\/2020\\\/01\\\/04\\\/tes-paroles-sont-puissantes\\\/\"]}]},{\"@type\":\"ImageObject\",\"inLanguage\":\"fr-FR\",\"@id\":\"https:\\\/\\\/deborahlenoc.fr\\\/index.php\\\/2020\\\/01\\\/04\\\/tes-paroles-sont-puissantes\\\/#primaryimage\",\"url\":\"https:\\\/\\\/deborahlenoc.fr\\\/wp-content\\\/uploads\\\/2020\\\/01\\\/Canva-Persons-Right-Three-Fingers-scaled.jpg\",\"contentUrl\":\"https:\\\/\\\/deborahlenoc.fr\\\/wp-content\\\/uploads\\\/2020\\\/01\\\/Canva-Persons-Right-Three-Fingers-scaled.jpg\",\"width\":1707,\"height\":2560},{\"@type\":\"BreadcrumbList\",\"@id\":\"https:\\\/\\\/deborahlenoc.fr\\\/index.php\\\/2020\\\/01\\\/04\\\/tes-paroles-sont-puissantes\\\/#breadcrumb\",\"itemListElement\":[{\"@type\":\"ListItem\",\"position\":1,\"name\":\"Accueil\",\"item\":\"https:\\\/\\\/deborahlenoc.fr\\\/\"},{\"@type\":\"ListItem\",\"position\":2,\"name\":\"Tes paroles sont puissantes.\"}]},{\"@type\":\"WebSite\",\"@id\":\"https:\\\/\\\/deborahlenoc.fr\\\/#website\",\"url\":\"https:\\\/\\\/deborahlenoc.fr\\\/\",\"name\":\"D\u00e9borah Le Noc - D\u00e9veloppement f\u00e9minin\",\"description\":\"R\u00e9v\u00e8le et maximise ton potentiel en devenant une femme accomplie et charismatique !\",\"publisher\":{\"@id\":\"https:\\\/\\\/deborahlenoc.fr\\\/#\\\/schema\\\/person\\\/3755fca8ecb77a810d63b477184dc6c4\"},\"potentialAction\":[{\"@type\":\"SearchAction\",\"target\":{\"@type\":\"EntryPoint\",\"urlTemplate\":\"https:\\\/\\\/deborahlenoc.fr\\\/?s={search_term_string}\"},\"query-input\":{\"@type\":\"PropertyValueSpecification\",\"valueRequired\":true,\"valueName\":\"search_term_string\"}}],\"inLanguage\":\"fr-FR\"},{\"@type\":[\"Person\",\"Organization\"],\"@id\":\"https:\\\/\\\/deborahlenoc.fr\\\/#\\\/schema\\\/person\\\/3755fca8ecb77a810d63b477184dc6c4\",\"name\":\"D\u00e9borah LE NOC\",\"image\":{\"@type\":\"ImageObject\",\"inLanguage\":\"fr-FR\",\"@id\":\"https:\\\/\\\/deborahlenoc.fr\\\/wp-content\\\/uploads\\\/2021\\\/04\\\/cropped-Deborah-Le-Nox-2.png\",\"url\":\"https:\\\/\\\/deborahlenoc.fr\\\/wp-content\\\/uploads\\\/2021\\\/04\\\/cropped-Deborah-Le-Nox-2.png\",\"contentUrl\":\"https:\\\/\\\/deborahlenoc.fr\\\/wp-content\\\/uploads\\\/2021\\\/04\\\/cropped-Deborah-Le-Nox-2.png\",\"width\":500,\"height\":138,\"caption\":\"D\u00e9borah LE NOC\"},\"logo\":{\"@id\":\"https:\\\/\\\/deborahlenoc.fr\\\/wp-content\\\/uploads\\\/2021\\\/04\\\/cropped-Deborah-Le-Nox-2.png\"},\"sameAs\":[\"http:\\\/\\\/deborahlenoc.fr\"],\"url\":\"https:\\\/\\\/deborahlenoc.fr\\\/index.php\\\/author\\\/admin7146\\\/\"}]}<\/script>\n<!-- \/ Yoast SEO plugin. -->","yoast_head_json":{"title":"Tes paroles sont puissantes. - D\u00e9borah Le Noc - D\u00e9veloppement f\u00e9minin","robots":{"index":"index","follow":"follow","max-snippet":"max-snippet:-1","max-image-preview":"max-image-preview:large","max-video-preview":"max-video-preview:-1"},"canonical":"https:\/\/deborahlenoc.fr\/index.php\/2020\/01\/04\/tes-paroles-sont-puissantes\/","og_locale":"fr_FR","og_type":"article","og_title":"Tes paroles sont puissantes. - D\u00e9borah Le Noc - D\u00e9veloppement f\u00e9minin","og_description":"Lorsque je me rapprochais de Dieu pendant cette qu\u00eate de gu\u00e9rison, j&rsquo;ai compris en lisant sa parole que mes paroles ont un impact dans le monde spirituel. Oui je le savais mais je n&rsquo;avais pas r\u00e9ellement saisi la puissance que cela contenait. Plusieurs versets dans la bible parlent de la parole cr\u00e9atrice. En effet Dieu [&hellip;]","og_url":"https:\/\/deborahlenoc.fr\/index.php\/2020\/01\/04\/tes-paroles-sont-puissantes\/","og_site_name":"D\u00e9borah Le Noc - D\u00e9veloppement f\u00e9minin","article_published_time":"2020-01-04T09:42:20+00:00","article_modified_time":"2021-03-31T22:36:50+00:00","og_image":[{"width":1707,"height":2560,"url":"https:\/\/deborahlenoc.fr\/wp-content\/uploads\/2020\/01\/Canva-Persons-Right-Three-Fingers-scaled.jpg","type":"image\/jpeg"}],"author":"D\u00e9borah LE NOC","twitter_card":"summary_large_image","twitter_misc":{"\u00c9crit par":"D\u00e9borah LE NOC","Dur\u00e9e de lecture estim\u00e9e":"2 minutes"},"schema":{"@context":"https:\/\/schema.org","@graph":[{"@type":"Article","@id":"https:\/\/deborahlenoc.fr\/index.php\/2020\/01\/04\/tes-paroles-sont-puissantes\/#article","isPartOf":{"@id":"https:\/\/deborahlenoc.fr\/index.php\/2020\/01\/04\/tes-paroles-sont-puissantes\/"},"author":{"name":"D\u00e9borah LE NOC","@id":"https:\/\/deborahlenoc.fr\/#\/schema\/person\/3755fca8ecb77a810d63b477184dc6c4"},"headline":"Tes paroles sont puissantes.","datePublished":"2020-01-04T09:42:20+00:00","dateModified":"2021-03-31T22:36:50+00:00","mainEntityOfPage":{"@id":"https:\/\/deborahlenoc.fr\/index.php\/2020\/01\/04\/tes-paroles-sont-puissantes\/"},"wordCount":372,"commentCount":0,"publisher":{"@id":"https:\/\/deborahlenoc.fr\/#\/schema\/person\/3755fca8ecb77a810d63b477184dc6c4"},"image":{"@id":"https:\/\/deborahlenoc.fr\/index.php\/2020\/01\/04\/tes-paroles-sont-puissantes\/#primaryimage"},"thumbnailUrl":"https:\/\/deborahlenoc.fr\/wp-content\/uploads\/2020\/01\/Canva-Persons-Right-Three-Fingers-scaled.jpg","keywords":["gu\u00e9rison","mentor","motivation","puissance des paroles","V\u00e9rit\u00e9vsr\u00e9alit\u00e9"],"articleSection":["Spiritualit\u00e9"],"inLanguage":"fr-FR","potentialAction":[{"@type":"CommentAction","name":"Comment","target":["https:\/\/deborahlenoc.fr\/index.php\/2020\/01\/04\/tes-paroles-sont-puissantes\/#respond"]}]},{"@type":"WebPage","@id":"https:\/\/deborahlenoc.fr\/index.php\/2020\/01\/04\/tes-paroles-sont-puissantes\/","url":"https:\/\/deborahlenoc.fr\/index.php\/2020\/01\/04\/tes-paroles-sont-puissantes\/","name":"Tes paroles sont puissantes. - D\u00e9borah Le Noc - D\u00e9veloppement f\u00e9minin","isPartOf":{"@id":"https:\/\/deborahlenoc.fr\/#website"},"primaryImageOfPage":{"@id":"https:\/\/deborahlenoc.fr\/index.php\/2020\/01\/04\/tes-paroles-sont-puissantes\/#primaryimage"},"image":{"@id":"https:\/\/deborahlenoc.fr\/index.php\/2020\/01\/04\/tes-paroles-sont-puissantes\/#primaryimage"},"thumbnailUrl":"https:\/\/deborahlenoc.fr\/wp-content\/uploads\/2020\/01\/Canva-Persons-Right-Three-Fingers-scaled.jpg","datePublished":"2020-01-04T09:42:20+00:00","dateModified":"2021-03-31T22:36:50+00:00","breadcrumb":{"@id":"https:\/\/deborahlenoc.fr\/index.php\/2020\/01\/04\/tes-paroles-sont-puissantes\/#breadcrumb"},"inLanguage":"fr-FR","potentialAction":[{"@type":"ReadAction","target":["https:\/\/deborahlenoc.fr\/index.php\/2020\/01\/04\/tes-paroles-sont-puissantes\/"]}]},{"@type":"ImageObject","inLanguage":"fr-FR","@id":"https:\/\/deborahlenoc.fr\/index.php\/2020\/01\/04\/tes-paroles-sont-puissantes\/#primaryimage","url":"https:\/\/deborahlenoc.fr\/wp-content\/uploads\/2020\/01\/Canva-Persons-Right-Three-Fingers-scaled.jpg","contentUrl":"https:\/\/deborahlenoc.fr\/wp-content\/uploads\/2020\/01\/Canva-Persons-Right-Three-Fingers-scaled.jpg","width":1707,"height":2560},{"@type":"BreadcrumbList","@id":"https:\/\/deborahlenoc.fr\/index.php\/2020\/01\/04\/tes-paroles-sont-puissantes\/#breadcrumb","itemListElement":[{"@type":"ListItem","position":1,"name":"Accueil","item":"https:\/\/deborahlenoc.fr\/"},{"@type":"ListItem","position":2,"name":"Tes paroles sont puissantes."}]},{"@type":"WebSite","@id":"https:\/\/deborahlenoc.fr\/#website","url":"https:\/\/deborahlenoc.fr\/","name":"D\u00e9borah Le Noc - D\u00e9veloppement f\u00e9minin","description":"R\u00e9v\u00e8le et maximise ton potentiel en devenant une femme accomplie et charismatique !","publisher":{"@id":"https:\/\/deborahlenoc.fr\/#\/schema\/person\/3755fca8ecb77a810d63b477184dc6c4"},"potentialAction":[{"@type":"SearchAction","target":{"@type":"EntryPoint","urlTemplate":"https:\/\/deborahlenoc.fr\/?s={search_term_string}"},"query-input":{"@type":"PropertyValueSpecification","valueRequired":true,"valueName":"search_term_string"}}],"inLanguage":"fr-FR"},{"@type":["Person","Organization"],"@id":"https:\/\/deborahlenoc.fr\/#\/schema\/person\/3755fca8ecb77a810d63b477184dc6c4","name":"D\u00e9borah LE NOC","image":{"@type":"ImageObject","inLanguage":"fr-FR","@id":"https:\/\/deborahlenoc.fr\/wp-content\/uploads\/2021\/04\/cropped-Deborah-Le-Nox-2.png","url":"https:\/\/deborahlenoc.fr\/wp-content\/uploads\/2021\/04\/cropped-Deborah-Le-Nox-2.png","contentUrl":"https:\/\/deborahlenoc.fr\/wp-content\/uploads\/2021\/04\/cropped-Deborah-Le-Nox-2.png","width":500,"height":138,"caption":"D\u00e9borah LE NOC"},"logo":{"@id":"https:\/\/deborahlenoc.fr\/wp-content\/uploads\/2021\/04\/cropped-Deborah-Le-Nox-2.png"},"sameAs":["http:\/\/deborahlenoc.fr"],"url":"https:\/\/deborahlenoc.fr\/index.php\/author\/admin7146\/"}]}},"_links":{"self":[{"href":"https:\/\/deborahlenoc.fr\/index.php\/wp-json\/wp\/v2\/posts\/39","targetHints":{"allow":["GET"]}}],"collection":[{"href":"https:\/\/deborahlenoc.fr\/index.php\/wp-json\/wp\/v2\/posts"}],"about":[{"href":"https:\/\/deborahlenoc.fr\/index.php\/wp-json\/wp\/v2\/types\/post"}],"author":[{"embeddable":true,"href":"https:\/\/deborahlenoc.fr\/index.php\/wp-json\/wp\/v2\/users\/1"}],"replies":[{"embeddable":true,"href":"https:\/\/deborahlenoc.fr\/index.php\/wp-json\/wp\/v2\/comments?post=39"}],"version-history":[{"count":3,"href":"https:\/\/deborahlenoc.fr\/index.php\/wp-json\/wp\/v2\/posts\/39\/revisions"}],"predecessor-version":[{"id":43,"href":"https:\/\/deborahlenoc.fr\/index.php\/wp-json\/wp\/v2\/posts\/39\/revisions\/43"}],"wp:featuredmedia":[{"embeddable":true,"href":"https:\/\/deborahlenoc.fr\/index.php\/wp-json\/wp\/v2\/media\/41"}],"wp:attachment":[{"href":"https:\/\/deborahlenoc.fr\/index.php\/wp-json\/wp\/v2\/media?parent=39"}],"wp:term":[{"taxonomy":"category","embeddable":true,"href":"https:\/\/deborahlenoc.fr\/index.php\/wp-json\/wp\/v2\/categories?post=39"},{"taxonomy":"post_tag","embeddable":true,"href":"https:\/\/deborahlenoc.fr\/index.php\/wp-json\/wp\/v2\/tags?post=39"}],"curies":[{"name":"wp","href":"https:\/\/api.w.org\/{rel}","templated":true}]}}